{"id":358,"date":"2015-11-11T15:07:30","date_gmt":"2015-11-11T14:07:30","guid":{"rendered":"http:\/\/www.naturaliter.cz\/magazin\/?p=358"},"modified":"2015-11-11T15:09:12","modified_gmt":"2015-11-11T14:09:12","slug":"mineraly-brno-podzim-2015","status":"publish","type":"post","link":"https:\/\/www.naturaliter.cz\/magazin\/mineraly-brno-podzim-2015\/","title":{"rendered":"Miner\u00e1ly Brno &#8211; podzim 2015"},"content":{"rendered":"<p style=\"text-align: justify;\">R\u00e1di bychom v\u00e1s pozvali na v\u00fdstavu Miner\u00e1ly Brno, kter\u00e9 se ji\u017e tradi\u010dn\u011b budeme s n\u011bkter\u00fdm zbo\u017e\u00edm z na\u0161\u00ed nab\u00eddky \u00fa\u010dastnit. V\u00fdstava se kon\u00e1 o v\u00edkendu od 14. do 15. listopadu 2015 a o zaj\u00edmav\u00e9 expon\u00e1ty a miner\u00e1ly nebude nouze, proto\u017ee k dne\u0161n\u00edmu dni je p\u0159ihl\u00e1\u0161eno u\u017e 198 vystavovatel\u016f.<\/p>\n<p style=\"text-align: justify;\"><!--more-->Prostor je pro n\u00e1s na v\u00fdstav\u011b bohu\u017eel pon\u011bkud omezen\u00fd, proto nepovezeme v\u0161echno zbo\u017e\u00ed, ale pouze vybran\u00e9 druhy. Z na\u0161\u00ed nab\u00eddky se tak m\u016f\u017eete t\u011b\u0161it zejm\u00e9na na <a href=\"http:\/\/www.naturaliter.cz\/44-privesky-z-mineralu\">velk\u00e9 a vy\u0159ez\u00e1van\u00e9 p\u0159\u00edv\u011bsky<\/a> a <a href=\"http:\/\/www.naturaliter.cz\/43-kabosony-z-mineralu\">kabo\u0161ony z miner\u00e1l\u016f<\/a>, <a href=\"http:\/\/www.naturaliter.cz\/51-zlomky-z-mineralu\">n\u00e1ramky a n\u00e1hrdeln\u00edky ze zlomk\u016f<\/a> a <a href=\"http:\/\/www.naturaliter.cz\/50-koralky-z-mineralu\">kor\u00e1lky z miner\u00e1l\u016f<\/a>.<\/p>\n<p style=\"text-align: justify;\">Z dal\u0161\u00edho zbo\u017e\u00ed budete moci na m\u00edst\u011b zakoupit zejm\u00e9na <a href=\"http:\/\/www.naturaliter.cz\/7-naradi\">n\u00e1\u0159ad\u00ed pro zlatnickou a \u0161perka\u0159skou tvorbu<\/a>.<\/p>\n<p style=\"text-align: justify;\">A nakonec, pokud v\u00e1s ani jedna z t\u011bchto v\u011bc\u00ed nezaujme, v\u00e1m m\u016f\u017eeme nab\u00eddnout <a href=\"http:\/\/albireodesign.cz\/category\/osobni-sperky\/\">origin\u00e1ln\u00ed a autorsk\u00e9 \u0161perky<\/a>, zejm\u00e9na z k\u0159i\u0161\u0165\u00e1lov\u00e9 prysky\u0159ice a z miner\u00e1l\u016f.<\/p>\n<p style=\"text-align: justify;\">Bli\u017e\u0161\u00ed informace k m\u00edstu a term\u00ednu kon\u00e1n\u00ed v\u00fdstavy <a href=\"http:\/\/www.bvv.cz\/mineraly-brno\/mineraly-brno-2015-11\/\">naleznete na str\u00e1nk\u00e1ch BVV<\/a>. Budeme se t\u011b\u0161in na vid\u011bnou na brn\u011bnsk\u00e9m V\u00fdstavi\u0161ti!<\/p>\n<p class=\"clear_both\" style=\"text-align: justify;\">\u00a0<a href=\"http:\/\/www.naturaliter.cz\/magazin\/wp-content\/uploads\/2015\/11\/stanek_jaro20154x3.jpg\"><img decoding=\"async\" loading=\"lazy\" class=\"alignleft wp-image-365 size-thumbnail\" src=\"http:\/\/www.naturaliter.cz\/magazin\/wp-content\/uploads\/2015\/11\/stanek_jaro20154x3-150x150.jpg\" alt=\"N\u00e1\u0161 st\u00e1nek na jarn\u00ed v\u00fdstav\u011b Miner\u00e1ly 2015\" width=\"150\" height=\"150\" srcset=\"https:\/\/www.naturaliter.cz\/magazin\/wp-content\/uploads\/2015\/11\/stanek_jaro20154x3-150x150.jpg 150w, https:\/\/www.naturaliter.cz\/magazin\/wp-content\/uploads\/2015\/11\/stanek_jaro20154x3-230x230.jpg 230w, https:\/\/www.naturaliter.cz\/magazin\/wp-content\/uploads\/2015\/11\/stanek_jaro20154x3-365x365.jpg 365w\" sizes=\"(max-width: 150px) 100vw, 150px\" \/><\/a>N\u00e1\u0161 st\u00e1nek na jarn\u00ed v\u00fdstav\u011b miner\u00e1l\u016f v Brn\u011b 2015<\/p>\n<p class=\"clear_both\" style=\"text-align: justify;\"><a href=\"http:\/\/www.naturaliter.cz\/magazin\/wp-content\/uploads\/2015\/11\/Mineraly_2014_1.jpg\"><img decoding=\"async\" loading=\"lazy\" class=\"alignleft wp-image-364 size-thumbnail\" src=\"http:\/\/www.naturaliter.cz\/magazin\/wp-content\/uploads\/2015\/11\/Mineraly_2014_1-150x150.jpg\" alt=\"N\u00e1\u0161 st\u00e1nek na Miner\u00e1lech 2014\" width=\"150\" height=\"150\" srcset=\"https:\/\/www.naturaliter.cz\/magazin\/wp-content\/uploads\/2015\/11\/Mineraly_2014_1-150x150.jpg 150w, https:\/\/www.naturaliter.cz\/magazin\/wp-content\/uploads\/2015\/11\/Mineraly_2014_1-230x230.jpg 230w, https:\/\/www.naturaliter.cz\/magazin\/wp-content\/uploads\/2015\/11\/Mineraly_2014_1-365x365.jpg 365w\" sizes=\"(max-width: 150px) 100vw, 150px\" \/><\/a>N\u00e1\u0161 st\u00e1nek na podzimn\u00ed v\u00fdstav\u011b miner\u00e1l\u016f v Brn\u011b 2014<\/p>\n","protected":false},"excerpt":{"rendered":"<p>R\u00e1di bychom v\u00e1s pozvali na v\u00fdstavu Miner\u00e1ly Brno, kter\u00e9 se ji\u017e tradi\u010dn\u011b budeme s n\u011bkter\u00fdm zbo\u017e\u00edm z na\u0161\u00ed nab\u00eddky \u00fa\u010dastnit. V\u00fdstava se kon\u00e1 o v\u00edkendu od 14. do 15. listopadu 2015 a o zaj\u00edmav\u00e9 expon\u00e1ty a miner\u00e1ly nebude nouze, proto\u017ee<\/p>\n","protected":false},"author":1,"featured_media":370,"comment_status":"open","ping_status":"open","sticky":false,"template":"","format":"standard","meta":[],"categories":[1],"tags":[],"yoast_head":"<!-- This site is optimized with the Yoast SEO plugin v20.2.1 - https:\/\/yoast.com\/wordpress\/plugins\/seo\/ -->\n<title>Miner\u00e1ly Brno - podzim 2015 - Magaz\u00edn Naturaliter.cz<\/title>\n<meta name=\"robots\" content=\"index, follow, max-snippet:-1, max-image-preview:large, max-video-preview:-1\" \/>\n<link rel=\"canonical\" href=\"https:\/\/www.naturaliter.cz\/magazin\/mineraly-brno-podzim-2015\/\" \/>\n<meta property=\"og:locale\" content=\"cs_CZ\" \/>\n<meta property=\"og:type\" content=\"article\" \/>\n<meta property=\"og:title\" content=\"Miner\u00e1ly Brno - podzim 2015 - Magaz\u00edn Naturaliter.cz\" \/>\n<meta property=\"og:description\" content=\"R\u00e1di bychom v\u00e1s pozvali na v\u00fdstavu Miner\u00e1ly Brno, kter\u00e9 se ji\u017e tradi\u010dn\u011b budeme s n\u011bkter\u00fdm zbo\u017e\u00edm z na\u0161\u00ed nab\u00eddky \u00fa\u010dastnit. V\u00fdstava se kon\u00e1 o v\u00edkendu od 14. do 15. listopadu 2015 a o zaj\u00edmav\u00e9 expon\u00e1ty a miner\u00e1ly nebude nouze, proto\u017ee\" \/>\n<meta property=\"og:url\" content=\"https:\/\/www.naturaliter.cz\/magazin\/mineraly-brno-podzim-2015\/\" \/>\n<meta property=\"og:site_name\" content=\"Magaz\u00edn Naturaliter.cz\" \/>\n<meta property=\"article:published_time\" content=\"2015-11-11T14:07:30+00:00\" \/>\n<meta property=\"article:modified_time\" content=\"2015-11-11T14:09:12+00:00\" \/>\n<meta property=\"og:image\" content=\"https:\/\/www.naturaliter.cz\/magazin\/wp-content\/uploads\/2015\/11\/mineral.jpg\" \/>\n\t<meta property=\"og:image:width\" content=\"520\" \/>\n\t<meta property=\"og:image:height\" content=\"520\" \/>\n\t<meta property=\"og:image:type\" content=\"image\/jpeg\" \/>\n<meta name=\"author\" content=\"Ji\u0159\u00ed\" \/>\n<meta name=\"twitter:label1\" content=\"Napsal(a)\" \/>\n\t<meta name=\"twitter:data1\" content=\"Ji\u0159\u00ed\" \/>\n\t<meta name=\"twitter:label2\" content=\"Odhadovan\u00e1 doba \u010dten\u00ed\" \/>\n\t<meta name=\"twitter:data2\" content=\"1 minuta\" \/>\n<script type=\"application\/ld+json\" class=\"yoast-schema-graph\">{\"@context\":\"https:\/\/schema.org\",\"@graph\":[{\"@type\":\"WebPage\",\"@id\":\"https:\/\/www.naturaliter.cz\/magazin\/mineraly-brno-podzim-2015\/\",\"url\":\"https:\/\/www.naturaliter.cz\/magazin\/mineraly-brno-podzim-2015\/\",\"name\":\"Miner\u00e1ly Brno - podzim 2015 - Magaz\u00edn Naturaliter.cz\",\"isPartOf\":{\"@id\":\"https:\/\/www.naturaliter.cz\/magazin\/#website\"},\"datePublished\":\"2015-11-11T14:07:30+00:00\",\"dateModified\":\"2015-11-11T14:09:12+00:00\",\"author\":{\"@id\":\"https:\/\/www.naturaliter.cz\/magazin\/#\/schema\/person\/d1b0210d9fb2eb939e70d00ab8064db5\"},\"breadcrumb\":{\"@id\":\"https:\/\/www.naturaliter.cz\/magazin\/mineraly-brno-podzim-2015\/#breadcrumb\"},\"inLanguage\":\"cs\",\"potentialAction\":[{\"@type\":\"ReadAction\",\"target\":[\"https:\/\/www.naturaliter.cz\/magazin\/mineraly-brno-podzim-2015\/\"]}]},{\"@type\":\"BreadcrumbList\",\"@id\":\"https:\/\/www.naturaliter.cz\/magazin\/mineraly-brno-podzim-2015\/#breadcrumb\",\"itemListElement\":[{\"@type\":\"ListItem\",\"position\":1,\"name\":\"Dom\u016f\",\"item\":\"https:\/\/www.naturaliter.cz\/magazin\/\"},{\"@type\":\"ListItem\",\"position\":2,\"name\":\"Miner\u00e1ly Brno &#8211; podzim 2015\"}]},{\"@type\":\"WebSite\",\"@id\":\"https:\/\/www.naturaliter.cz\/magazin\/#website\",\"url\":\"https:\/\/www.naturaliter.cz\/magazin\/\",\"name\":\"Magaz\u00edn Naturaliter.cz\",\"description\":\"N\u00e1vody, zaj\u00edmavosti a informace ze sv\u011bta \u0159emesln\u00fdch a v\u00fdtvarn\u00fdch technik\",\"potentialAction\":[{\"@type\":\"SearchAction\",\"target\":{\"@type\":\"EntryPoint\",\"urlTemplate\":\"https:\/\/www.naturaliter.cz\/magazin\/?s={search_term_string}\"},\"query-input\":\"required name=search_term_string\"}],\"inLanguage\":\"cs\"},{\"@type\":\"Person\",\"@id\":\"https:\/\/www.naturaliter.cz\/magazin\/#\/schema\/person\/d1b0210d9fb2eb939e70d00ab8064db5\",\"name\":\"Ji\u0159\u00ed\",\"image\":{\"@type\":\"ImageObject\",\"inLanguage\":\"cs\",\"@id\":\"https:\/\/www.naturaliter.cz\/magazin\/#\/schema\/person\/image\/\",\"url\":\"https:\/\/secure.gravatar.com\/avatar\/49add9b34b297803778d7753f7bb0076?s=96&d=blank&r=g\",\"contentUrl\":\"https:\/\/secure.gravatar.com\/avatar\/49add9b34b297803778d7753f7bb0076?s=96&d=blank&r=g\",\"caption\":\"Ji\u0159\u00ed\"},\"url\":\"https:\/\/www.naturaliter.cz\/magazin\/autor\/jiri\/\"}]}<\/script>\n<!-- \/ Yoast SEO plugin. -->","yoast_head_json":{"title":"Miner\u00e1ly Brno - podzim 2015 - Magaz\u00edn Naturaliter.cz","robots":{"index":"index","follow":"follow","max-snippet":"max-snippet:-1","max-image-preview":"max-image-preview:large","max-video-preview":"max-video-preview:-1"},"canonical":"https:\/\/www.naturaliter.cz\/magazin\/mineraly-brno-podzim-2015\/","og_locale":"cs_CZ","og_type":"article","og_title":"Miner\u00e1ly Brno - podzim 2015 - Magaz\u00edn Naturaliter.cz","og_description":"R\u00e1di bychom v\u00e1s pozvali na v\u00fdstavu Miner\u00e1ly Brno, kter\u00e9 se ji\u017e tradi\u010dn\u011b budeme s n\u011bkter\u00fdm zbo\u017e\u00edm z na\u0161\u00ed nab\u00eddky \u00fa\u010dastnit. V\u00fdstava se kon\u00e1 o v\u00edkendu od 14. do 15. listopadu 2015 a o zaj\u00edmav\u00e9 expon\u00e1ty a miner\u00e1ly nebude nouze, proto\u017ee","og_url":"https:\/\/www.naturaliter.cz\/magazin\/mineraly-brno-podzim-2015\/","og_site_name":"Magaz\u00edn Naturaliter.cz","article_published_time":"2015-11-11T14:07:30+00:00","article_modified_time":"2015-11-11T14:09:12+00:00","og_image":[{"width":520,"height":520,"url":"https:\/\/www.naturaliter.cz\/magazin\/wp-content\/uploads\/2015\/11\/mineral.jpg","type":"image\/jpeg"}],"author":"Ji\u0159\u00ed","twitter_misc":{"Napsal(a)":"Ji\u0159\u00ed","Odhadovan\u00e1 doba \u010dten\u00ed":"1 minuta"},"schema":{"@context":"https:\/\/schema.org","@graph":[{"@type":"WebPage","@id":"https:\/\/www.naturaliter.cz\/magazin\/mineraly-brno-podzim-2015\/","url":"https:\/\/www.naturaliter.cz\/magazin\/mineraly-brno-podzim-2015\/","name":"Miner\u00e1ly Brno - podzim 2015 - Magaz\u00edn Naturaliter.cz","isPartOf":{"@id":"https:\/\/www.naturaliter.cz\/magazin\/#website"},"datePublished":"2015-11-11T14:07:30+00:00","dateModified":"2015-11-11T14:09:12+00:00","author":{"@id":"https:\/\/www.naturaliter.cz\/magazin\/#\/schema\/person\/d1b0210d9fb2eb939e70d00ab8064db5"},"breadcrumb":{"@id":"https:\/\/www.naturaliter.cz\/magazin\/mineraly-brno-podzim-2015\/#breadcrumb"},"inLanguage":"cs","potentialAction":[{"@type":"ReadAction","target":["https:\/\/www.naturaliter.cz\/magazin\/mineraly-brno-podzim-2015\/"]}]},{"@type":"BreadcrumbList","@id":"https:\/\/www.naturaliter.cz\/magazin\/mineraly-brno-podzim-2015\/#breadcrumb","itemListElement":[{"@type":"ListItem","position":1,"name":"Dom\u016f","item":"https:\/\/www.naturaliter.cz\/magazin\/"},{"@type":"ListItem","position":2,"name":"Miner\u00e1ly Brno &#8211; podzim 2015"}]},{"@type":"WebSite","@id":"https:\/\/www.naturaliter.cz\/magazin\/#website","url":"https:\/\/www.naturaliter.cz\/magazin\/","name":"Magaz\u00edn Naturaliter.cz","description":"N\u00e1vody, zaj\u00edmavosti a informace ze sv\u011bta \u0159emesln\u00fdch a v\u00fdtvarn\u00fdch technik","potentialAction":[{"@type":"SearchAction","target":{"@type":"EntryPoint","urlTemplate":"https:\/\/www.naturaliter.cz\/magazin\/?s={search_term_string}"},"query-input":"required name=search_term_string"}],"inLanguage":"cs"},{"@type":"Person","@id":"https:\/\/www.naturaliter.cz\/magazin\/#\/schema\/person\/d1b0210d9fb2eb939e70d00ab8064db5","name":"Ji\u0159\u00ed","image":{"@type":"ImageObject","inLanguage":"cs","@id":"https:\/\/www.naturaliter.cz\/magazin\/#\/schema\/person\/image\/","url":"https:\/\/secure.gravatar.com\/avatar\/49add9b34b297803778d7753f7bb0076?s=96&d=blank&r=g","contentUrl":"https:\/\/secure.gravatar.com\/avatar\/49add9b34b297803778d7753f7bb0076?s=96&d=blank&r=g","caption":"Ji\u0159\u00ed"},"url":"https:\/\/www.naturaliter.cz\/magazin\/autor\/jiri\/"}]}},"_links":{"self":[{"href":"https:\/\/www.naturaliter.cz\/magazin\/wp-json\/wp\/v2\/posts\/358"}],"collection":[{"href":"https:\/\/www.naturaliter.cz\/magazin\/wp-json\/wp\/v2\/posts"}],"about":[{"href":"https:\/\/www.naturaliter.cz\/magazin\/wp-json\/wp\/v2\/types\/post"}],"author":[{"embeddable":true,"href":"https:\/\/www.naturaliter.cz\/magazin\/wp-json\/wp\/v2\/users\/1"}],"replies":[{"embeddable":true,"href":"https:\/\/www.naturaliter.cz\/magazin\/wp-json\/wp\/v2\/comments?post=358"}],"version-history":[{"count":9,"href":"https:\/\/www.naturaliter.cz\/magazin\/wp-json\/wp\/v2\/posts\/358\/revisions"}],"predecessor-version":[{"id":371,"href":"https:\/\/www.naturaliter.cz\/magazin\/wp-json\/wp\/v2\/posts\/358\/revisions\/371"}],"wp:featuredmedia":[{"embeddable":true,"href":"https:\/\/www.naturaliter.cz\/magazin\/wp-json\/wp\/v2\/media\/370"}],"wp:attachment":[{"href":"https:\/\/www.naturaliter.cz\/magazin\/wp-json\/wp\/v2\/media?parent=358"}],"wp:term":[{"taxonomy":"category","embeddable":true,"href":"https:\/\/www.naturaliter.cz\/magazin\/wp-json\/wp\/v2\/categories?post=358"},{"taxonomy":"post_tag","embeddable":true,"href":"https:\/\/www.naturaliter.cz\/magazin\/wp-json\/wp\/v2\/tags?post=358"}],"curies":[{"name":"wp","href":"https:\/\/api.w.org\/{rel}","templated":true}]}}