{"id":115,"date":"2015-03-23T15:00:50","date_gmt":"2015-03-23T14:00:50","guid":{"rendered":"http:\/\/www.naturaliter.cz\/magazin\/?p=115"},"modified":"2015-04-13T15:02:50","modified_gmt":"2015-04-13T14:02:50","slug":"ruzovy-peruansky-opal","status":"publish","type":"post","link":"https:\/\/www.naturaliter.cz\/magazin\/ruzovy-peruansky-opal\/","title":{"rendered":"R\u016f\u017eov\u00fd peru\u00e1nsk\u00fd op\u00e1l"},"content":{"rendered":"<p style=\"text-align: justify;\">R\u016f\u017eov\u00fd op\u00e1l je pom\u011brn\u011b vz\u00e1cn\u00fdm miner\u00e1lem, kter\u00e9 se doned\u00e1vna t\u011b\u017eil pouze na jedin\u00e9m nalezi\u0161ti v Peru. P\u0159ed n\u011bkolika lety bylo objeveno dal\u0161\u00ed nalezi\u0161t\u011b v Austr\u00e1lii. P\u0159esto\u017ee jde o zaj\u00edmav\u00fd a pom\u011brn\u011b \u017e\u00e1dan\u00fd miner\u00e1l, nedosahuje jeho cena ani zdaleka cenov\u00e9 hladiny drah\u00e9ho op\u00e1lu. Stejn\u011b jako u ach\u00e1t\u016f, najdeme na n\u011bkter\u00fdch peru\u00e1nsk\u00fdch op\u00e1lech dendritick\u00e9 inkluze, kter\u00e9 p\u0159ipom\u00ednaj\u00ed vzhledem kapradiny. Peru\u00e1nsk\u00fd op\u00e1l je tak\u00e9 zn\u00e1m\u00fd pod n\u00e1zvem \u201eandsk\u00fd op\u00e1l\u201d.<!--more--><\/p>\n<h2 style=\"text-align: justify;\">Obecn\u00e9 informace<\/h2>\n<figure id=\"attachment_122\" aria-describedby=\"caption-attachment-122\" style=\"width: 150px\" class=\"wp-caption alignright\"><a href=\"http:\/\/www.naturaliter.cz\/magazin\/wp-content\/uploads\/2015\/03\/opal.jpg\"><img decoding=\"async\" loading=\"lazy\" class=\"wp-image-122 size-thumbnail\" src=\"http:\/\/www.naturaliter.cz\/magazin\/wp-content\/uploads\/2015\/03\/opal-150x150.jpg\" alt=\"Valounky r\u016f\u017eov\u00e9ho op\u00e1lu\" width=\"150\" height=\"150\" srcset=\"https:\/\/www.naturaliter.cz\/magazin\/wp-content\/uploads\/2015\/03\/opal-150x150.jpg 150w, https:\/\/www.naturaliter.cz\/magazin\/wp-content\/uploads\/2015\/03\/opal-300x300.jpg 300w, https:\/\/www.naturaliter.cz\/magazin\/wp-content\/uploads\/2015\/03\/opal-230x230.jpg 230w, https:\/\/www.naturaliter.cz\/magazin\/wp-content\/uploads\/2015\/03\/opal-365x365.jpg 365w, https:\/\/www.naturaliter.cz\/magazin\/wp-content\/uploads\/2015\/03\/opal.jpg 400w\" sizes=\"(max-width: 150px) 100vw, 150px\" \/><\/a><figcaption id=\"caption-attachment-122\" class=\"wp-caption-text\">Valounky r\u016f\u017eov\u00e9ho op\u00e1lu<\/figcaption><\/figure>\n<p style=\"text-align: justify;\">R\u016f\u017eov\u00fd <a title=\"Op\u00e1l - obchod Naturaliter\" href=\"http:\/\/www.naturaliter.cz\/hledat?controller=search&amp;orderby=position&amp;orderway=desc&amp;search_query=op%C3%A1l+p%C5%99%C3%ADv%C4%9Bsek\">op\u00e1l<\/a> je \u0159azen mezi op\u00e1ly obecn\u00e9. Doned\u00e1vna se r\u016f\u017eov\u00fd op\u00e1l vyskytoval pouze v And\u00e1ch pobl\u00ed\u017e m\u011bsta San Patricio v Peru. Miner\u00e1l z\u00edsk\u00e1v\u00e1 svou barvu z organick\u00fdch slou\u010denin, zn\u00e1m\u00e9 jako chinony, kter\u00e9 jsou ve stopov\u00e9m mno\u017estv\u00ed obsa\u017eeny v hornin\u011b. R\u016f\u017eov\u00e9 op\u00e1ly se vyskytuj\u00ed v mnoha r\u016fzn\u00fdch variac\u00edch, od nepr\u016fhledn\u00fdch a\u017e po pr\u016fsvitn\u00e9, v \u010dist\u00e9 podob\u011b nebo jako sou\u010d\u00e1st mate\u010dn\u00e9 horniny s inkluzemi.<\/p>\n<p style=\"text-align: justify;\">Op\u00e1ly obsahuj\u00ed ur\u010dit\u00e9 mno\u017estv\u00ed v\u00e1zan\u00e9 vody (1 &#8211; 20 %), obvykle 5 &#8211; 13 %, proto jsou citliv\u00e9 na teplo. P\u0159i zm\u011bn\u011b obsahu vody op\u00e1l m\u016f\u017ee zm\u011bnit barvu a vlastnosti, p\u0159i zah\u0159\u00e1t\u00ed nad 250 \u00b0C se voda \u00fapln\u011b ztrat\u00ed.<\/p>\n<p style=\"text-align: justify;\">Tvrdost op\u00e1lu podle Mohse je obvykle 5,5 &#8211; 6, ale u nov\u011b vznikl\u00fdch nebo zemit\u00fdch kus\u016f ale m\u016f\u017ee b\u00fdt velmi n\u00edzk\u00e1, t\u0159eba jen 1.<\/p>\n<h2 style=\"text-align: justify;\">Mo\u017enosti vyu\u017eit\u00ed ve \u0161perku<\/h2>\n<p style=\"text-align: justify;\">Ve \u0161perku se nej\u010dast\u011bji pou\u017e\u00edv\u00e1 samostatn\u011b, p\u0159\u00edpadn\u011b je dopln\u011bn drobn\u00fdmi zirkony \u010di diamanty. V kombinaci s dal\u0161\u00edmi miner\u00e1ly m\u016f\u017ee b\u00fdt zaj\u00edmav\u00e9 spojen\u00ed r\u016f\u017eov\u00e9ho op\u00e1lu s <a title=\"R\u016f\u017een\u00edn - obchod Naturaliter\" href=\"http:\/\/www.naturaliter.cz\/hledat?controller=search&amp;tag=ruzenin\">r\u016f\u017een\u00ednem<\/a>, <a title=\"Gran\u00e1t - obchod Naturaliter\" href=\"http:\/\/www.naturaliter.cz\/hledat?controller=search&amp;tag=granat\">gran\u00e1tem<\/a>, <a title=\"Ametyst - obchod Naturaliter\" href=\"http:\/\/www.naturaliter.cz\/hledat?controller=search&amp;tag=ametyst\">ametystem<\/a>, b\u00edl\u00fdmi a b\u00e9\u017eov\u00fdmi odst\u00edny <a title=\"Ach\u00e1t - obchod Naturaliter\" href=\"http:\/\/www.naturaliter.cz\/hledat?controller=search&amp;tag=ach%C3%A1t\">ach\u00e1t\u016f<\/a> a tak\u00e9 s dal\u0161\u00edmi druhy <a title=\"Op\u00e1l - obchod Naturaliter\" href=\"http:\/\/www.naturaliter.cz\/hledat?controller=search&amp;orderby=position&amp;orderway=desc&amp;search_query=op%C3%A1l+p%C5%99%C3%ADv%C4%9Bsek\">op\u00e1l\u016f<\/a>.<\/p>\n<p style=\"text-align: justify;\">R\u016f\u017eov\u00fd op\u00e1l obzvl\u00e1\u0161\u0165 vynikne, kdy\u017e je zasazen ve \u017elut\u00e9m nebo r\u016f\u017eov\u00e9m zlat\u011b, p\u0159\u00edpadn\u011b ve st\u0159\u00edb\u0159e. Je nutn\u00e9 po\u010d\u00edtat s t\u00edm, \u017ee r\u016f\u017eov\u00e9 op\u00e1ly jsou m\u011bk\u010d\u00ed a snadn\u011bji \u0161t\u011bpn\u00e9 ne\u017e k\u0159emen, proto se s nimi mus\u00ed zach\u00e1zet opatrn\u011bji.<\/p>\n<p style=\"text-align: justify;\">Vzhledem k prom\u011bnliv\u00e9mu obsahu vody v op\u00e1lu by m\u011bly b\u00fdt \u0161perky z op\u00e1lu \u010dasto no\u0161eny, aby mohly absorbovat vlhkost ze vzduchu a nem\u011bly by b\u00fdt skladov\u00e1ny v bl\u00edzkosti zdroje tepla.<\/p>\n<h2 style=\"text-align: justify;\">L\u00e9\u010div\u00e9 vlastnosti<\/h2>\n<figure id=\"attachment_125\" aria-describedby=\"caption-attachment-125\" style=\"width: 300px\" class=\"wp-caption alignright\"><a href=\"http:\/\/www.naturaliter.cz\/magazin\/wp-content\/uploads\/2015\/03\/Opale_rose_P\u00e9rou.jpg\"><img decoding=\"async\" loading=\"lazy\" class=\"wp-image-125 size-medium\" src=\"http:\/\/www.naturaliter.cz\/magazin\/wp-content\/uploads\/2015\/03\/Opale_rose_P\u00e9rou-300x163.jpg\" alt=\"Surov\u00fd r\u016f\u017eov\u00fd op\u00e1l z Copper Mine, Northern Arequipa Area, Per\u00f9\" width=\"300\" height=\"163\" srcset=\"https:\/\/www.naturaliter.cz\/magazin\/wp-content\/uploads\/2015\/03\/Opale_rose_P\u00e9rou-300x163.jpg 300w, https:\/\/www.naturaliter.cz\/magazin\/wp-content\/uploads\/2015\/03\/Opale_rose_P\u00e9rou.jpg 800w\" sizes=\"(max-width: 300px) 100vw, 300px\" \/><\/a><figcaption id=\"caption-attachment-125\" class=\"wp-caption-text\">Surov\u00fd r\u016f\u017eov\u00fd op\u00e1l z Copper Mine, Northern Arequipa Area, Per\u00f9<br \/> Autor fotografie: Parent G\u00e9ry [<a href=\"http:\/\/creativecommons.org\/licenses\/by-sa\/3.0\">CC BY-SA 3.0<\/a>]<\/figcaption><\/figure>\n<p style=\"text-align: justify;\">V l\u00e9\u010ditelstv\u00ed je r\u016f\u017eov\u00fd peru\u00e1nsk\u00fd op\u00e1l pou\u017e\u00edv\u00e1n jako k\u00e1men l\u00e1sky a n\u011bhy, kter\u00fd p\u0159in\u00e1\u0161\u00ed do vztah\u016f energii n\u00e1klonnosti a laskavosti. Stejn\u011b jako ostatn\u00ed op\u00e1ly posiluje tak\u00e9 inspiraci, fantazii a tvo\u0159ivost. Vhodn\u00fd je i pro zklidn\u011bn\u00ed aury a rozbou\u0159en\u00fdch emoc\u00ed.<\/p>\n","protected":false},"excerpt":{"rendered":"<p>R\u016f\u017eov\u00fd op\u00e1l je pom\u011brn\u011b vz\u00e1cn\u00fdm miner\u00e1lem, kter\u00e9 se doned\u00e1vna t\u011b\u017eil pouze na jedin\u00e9m nalezi\u0161ti v Peru. P\u0159ed n\u011bkolika lety bylo objeveno dal\u0161\u00ed nalezi\u0161t\u011b v Austr\u00e1lii. P\u0159esto\u017ee jde o zaj\u00edmav\u00fd a pom\u011brn\u011b \u017e\u00e1dan\u00fd miner\u00e1l, nedosahuje jeho cena ani zdaleka cenov\u00e9 hladiny<\/p>\n","protected":false},"author":2,"featured_media":122,"comment_status":"open","ping_status":"open","sticky":false,"template":"","format":"standard","meta":[],"categories":[7],"tags":[],"yoast_head":"<!-- This site is optimized with the Yoast SEO plugin v20.2.1 - https:\/\/yoast.com\/wordpress\/plugins\/seo\/ -->\n<title>R\u016f\u017eov\u00fd peru\u00e1nsk\u00fd op\u00e1l - Magaz\u00edn Naturaliter.cz<\/title>\n<meta name=\"description\" content=\"R\u016f\u017eov\u00fd op\u00e1l je pom\u011brn\u011b vz\u00e1cn\u00fdm miner\u00e1lem, kter\u00e9 se doned\u00e1vna t\u011b\u017eil pouze na jedin\u00e9m nalezi\u0161ti v Peru. P\u0159ed n\u011bkolika lety bylo objeveno dal\u0161\u00ed nalezi\u0161t\u011b...\" \/>\n<meta name=\"robots\" content=\"index, follow, max-snippet:-1, max-image-preview:large, max-video-preview:-1\" \/>\n<link rel=\"canonical\" href=\"https:\/\/www.naturaliter.cz\/magazin\/ruzovy-peruansky-opal\/\" \/>\n<meta property=\"og:locale\" content=\"cs_CZ\" \/>\n<meta property=\"og:type\" content=\"article\" \/>\n<meta property=\"og:title\" content=\"R\u016f\u017eov\u00fd peru\u00e1nsk\u00fd op\u00e1l - Magaz\u00edn Naturaliter.cz\" \/>\n<meta property=\"og:description\" content=\"R\u016f\u017eov\u00fd op\u00e1l je pom\u011brn\u011b vz\u00e1cn\u00fdm miner\u00e1lem, kter\u00e9 se doned\u00e1vna t\u011b\u017eil pouze na jedin\u00e9m nalezi\u0161ti v Peru. P\u0159ed n\u011bkolika lety bylo objeveno dal\u0161\u00ed nalezi\u0161t\u011b...\" \/>\n<meta property=\"og:url\" content=\"https:\/\/www.naturaliter.cz\/magazin\/ruzovy-peruansky-opal\/\" \/>\n<meta property=\"og:site_name\" content=\"Magaz\u00edn Naturaliter.cz\" \/>\n<meta property=\"article:published_time\" content=\"2015-03-23T14:00:50+00:00\" \/>\n<meta property=\"article:modified_time\" content=\"2015-04-13T14:02:50+00:00\" \/>\n<meta property=\"og:image\" content=\"https:\/\/www.naturaliter.cz\/magazin\/wp-content\/uploads\/2015\/03\/opal.jpg\" \/>\n\t<meta property=\"og:image:width\" content=\"400\" \/>\n\t<meta property=\"og:image:height\" content=\"400\" \/>\n\t<meta property=\"og:image:type\" content=\"image\/jpeg\" \/>\n<meta name=\"author\" content=\"Krist\u00fdna\" \/>\n<meta name=\"twitter:label1\" content=\"Napsal(a)\" \/>\n\t<meta name=\"twitter:data1\" content=\"Krist\u00fdna\" \/>\n\t<meta name=\"twitter:label2\" content=\"Odhadovan\u00e1 doba \u010dten\u00ed\" \/>\n\t<meta name=\"twitter:data2\" content=\"3 minuty\" \/>\n<script type=\"application\/ld+json\" class=\"yoast-schema-graph\">{\"@context\":\"https:\/\/schema.org\",\"@graph\":[{\"@type\":\"WebPage\",\"@id\":\"https:\/\/www.naturaliter.cz\/magazin\/ruzovy-peruansky-opal\/\",\"url\":\"https:\/\/www.naturaliter.cz\/magazin\/ruzovy-peruansky-opal\/\",\"name\":\"R\u016f\u017eov\u00fd peru\u00e1nsk\u00fd op\u00e1l - Magaz\u00edn Naturaliter.cz\",\"isPartOf\":{\"@id\":\"https:\/\/www.naturaliter.cz\/magazin\/#website\"},\"datePublished\":\"2015-03-23T14:00:50+00:00\",\"dateModified\":\"2015-04-13T14:02:50+00:00\",\"author\":{\"@id\":\"https:\/\/www.naturaliter.cz\/magazin\/#\/schema\/person\/5c62ec791ade6e450e6dd9867d8ff17d\"},\"description\":\"R\u016f\u017eov\u00fd op\u00e1l je pom\u011brn\u011b vz\u00e1cn\u00fdm miner\u00e1lem, kter\u00e9 se doned\u00e1vna t\u011b\u017eil pouze na jedin\u00e9m nalezi\u0161ti v Peru. P\u0159ed n\u011bkolika lety bylo objeveno dal\u0161\u00ed nalezi\u0161t\u011b...\",\"breadcrumb\":{\"@id\":\"https:\/\/www.naturaliter.cz\/magazin\/ruzovy-peruansky-opal\/#breadcrumb\"},\"inLanguage\":\"cs\",\"potentialAction\":[{\"@type\":\"ReadAction\",\"target\":[\"https:\/\/www.naturaliter.cz\/magazin\/ruzovy-peruansky-opal\/\"]}]},{\"@type\":\"BreadcrumbList\",\"@id\":\"https:\/\/www.naturaliter.cz\/magazin\/ruzovy-peruansky-opal\/#breadcrumb\",\"itemListElement\":[{\"@type\":\"ListItem\",\"position\":1,\"name\":\"Dom\u016f\",\"item\":\"https:\/\/www.naturaliter.cz\/magazin\/\"},{\"@type\":\"ListItem\",\"position\":2,\"name\":\"R\u016f\u017eov\u00fd peru\u00e1nsk\u00fd op\u00e1l\"}]},{\"@type\":\"WebSite\",\"@id\":\"https:\/\/www.naturaliter.cz\/magazin\/#website\",\"url\":\"https:\/\/www.naturaliter.cz\/magazin\/\",\"name\":\"Magaz\u00edn Naturaliter.cz\",\"description\":\"N\u00e1vody, zaj\u00edmavosti a informace ze sv\u011bta \u0159emesln\u00fdch a v\u00fdtvarn\u00fdch technik\",\"potentialAction\":[{\"@type\":\"SearchAction\",\"target\":{\"@type\":\"EntryPoint\",\"urlTemplate\":\"https:\/\/www.naturaliter.cz\/magazin\/?s={search_term_string}\"},\"query-input\":\"required name=search_term_string\"}],\"inLanguage\":\"cs\"},{\"@type\":\"Person\",\"@id\":\"https:\/\/www.naturaliter.cz\/magazin\/#\/schema\/person\/5c62ec791ade6e450e6dd9867d8ff17d\",\"name\":\"Krist\u00fdna\",\"image\":{\"@type\":\"ImageObject\",\"inLanguage\":\"cs\",\"@id\":\"https:\/\/www.naturaliter.cz\/magazin\/#\/schema\/person\/image\/\",\"url\":\"https:\/\/secure.gravatar.com\/avatar\/d5b7a0f0368ea99a351c73de4e52be2d?s=96&d=blank&r=g\",\"contentUrl\":\"https:\/\/secure.gravatar.com\/avatar\/d5b7a0f0368ea99a351c73de4e52be2d?s=96&d=blank&r=g\",\"caption\":\"Krist\u00fdna\"},\"url\":\"https:\/\/www.naturaliter.cz\/magazin\/autor\/kristyna\/\"}]}<\/script>\n<!-- \/ Yoast SEO plugin. -->","yoast_head_json":{"title":"R\u016f\u017eov\u00fd peru\u00e1nsk\u00fd op\u00e1l - Magaz\u00edn Naturaliter.cz","description":"R\u016f\u017eov\u00fd op\u00e1l je pom\u011brn\u011b vz\u00e1cn\u00fdm miner\u00e1lem, kter\u00e9 se doned\u00e1vna t\u011b\u017eil pouze na jedin\u00e9m nalezi\u0161ti v Peru. P\u0159ed n\u011bkolika lety bylo objeveno dal\u0161\u00ed nalezi\u0161t\u011b...","robots":{"index":"index","follow":"follow","max-snippet":"max-snippet:-1","max-image-preview":"max-image-preview:large","max-video-preview":"max-video-preview:-1"},"canonical":"https:\/\/www.naturaliter.cz\/magazin\/ruzovy-peruansky-opal\/","og_locale":"cs_CZ","og_type":"article","og_title":"R\u016f\u017eov\u00fd peru\u00e1nsk\u00fd op\u00e1l - Magaz\u00edn Naturaliter.cz","og_description":"R\u016f\u017eov\u00fd op\u00e1l je pom\u011brn\u011b vz\u00e1cn\u00fdm miner\u00e1lem, kter\u00e9 se doned\u00e1vna t\u011b\u017eil pouze na jedin\u00e9m nalezi\u0161ti v Peru. P\u0159ed n\u011bkolika lety bylo objeveno dal\u0161\u00ed nalezi\u0161t\u011b...","og_url":"https:\/\/www.naturaliter.cz\/magazin\/ruzovy-peruansky-opal\/","og_site_name":"Magaz\u00edn Naturaliter.cz","article_published_time":"2015-03-23T14:00:50+00:00","article_modified_time":"2015-04-13T14:02:50+00:00","og_image":[{"width":400,"height":400,"url":"https:\/\/www.naturaliter.cz\/magazin\/wp-content\/uploads\/2015\/03\/opal.jpg","type":"image\/jpeg"}],"author":"Krist\u00fdna","twitter_misc":{"Napsal(a)":"Krist\u00fdna","Odhadovan\u00e1 doba \u010dten\u00ed":"3 minuty"},"schema":{"@context":"https:\/\/schema.org","@graph":[{"@type":"WebPage","@id":"https:\/\/www.naturaliter.cz\/magazin\/ruzovy-peruansky-opal\/","url":"https:\/\/www.naturaliter.cz\/magazin\/ruzovy-peruansky-opal\/","name":"R\u016f\u017eov\u00fd peru\u00e1nsk\u00fd op\u00e1l - Magaz\u00edn Naturaliter.cz","isPartOf":{"@id":"https:\/\/www.naturaliter.cz\/magazin\/#website"},"datePublished":"2015-03-23T14:00:50+00:00","dateModified":"2015-04-13T14:02:50+00:00","author":{"@id":"https:\/\/www.naturaliter.cz\/magazin\/#\/schema\/person\/5c62ec791ade6e450e6dd9867d8ff17d"},"description":"R\u016f\u017eov\u00fd op\u00e1l je pom\u011brn\u011b vz\u00e1cn\u00fdm miner\u00e1lem, kter\u00e9 se doned\u00e1vna t\u011b\u017eil pouze na jedin\u00e9m nalezi\u0161ti v Peru. P\u0159ed n\u011bkolika lety bylo objeveno dal\u0161\u00ed nalezi\u0161t\u011b...","breadcrumb":{"@id":"https:\/\/www.naturaliter.cz\/magazin\/ruzovy-peruansky-opal\/#breadcrumb"},"inLanguage":"cs","potentialAction":[{"@type":"ReadAction","target":["https:\/\/www.naturaliter.cz\/magazin\/ruzovy-peruansky-opal\/"]}]},{"@type":"BreadcrumbList","@id":"https:\/\/www.naturaliter.cz\/magazin\/ruzovy-peruansky-opal\/#breadcrumb","itemListElement":[{"@type":"ListItem","position":1,"name":"Dom\u016f","item":"https:\/\/www.naturaliter.cz\/magazin\/"},{"@type":"ListItem","position":2,"name":"R\u016f\u017eov\u00fd peru\u00e1nsk\u00fd op\u00e1l"}]},{"@type":"WebSite","@id":"https:\/\/www.naturaliter.cz\/magazin\/#website","url":"https:\/\/www.naturaliter.cz\/magazin\/","name":"Magaz\u00edn Naturaliter.cz","description":"N\u00e1vody, zaj\u00edmavosti a informace ze sv\u011bta \u0159emesln\u00fdch a v\u00fdtvarn\u00fdch technik","potentialAction":[{"@type":"SearchAction","target":{"@type":"EntryPoint","urlTemplate":"https:\/\/www.naturaliter.cz\/magazin\/?s={search_term_string}"},"query-input":"required name=search_term_string"}],"inLanguage":"cs"},{"@type":"Person","@id":"https:\/\/www.naturaliter.cz\/magazin\/#\/schema\/person\/5c62ec791ade6e450e6dd9867d8ff17d","name":"Krist\u00fdna","image":{"@type":"ImageObject","inLanguage":"cs","@id":"https:\/\/www.naturaliter.cz\/magazin\/#\/schema\/person\/image\/","url":"https:\/\/secure.gravatar.com\/avatar\/d5b7a0f0368ea99a351c73de4e52be2d?s=96&d=blank&r=g","contentUrl":"https:\/\/secure.gravatar.com\/avatar\/d5b7a0f0368ea99a351c73de4e52be2d?s=96&d=blank&r=g","caption":"Krist\u00fdna"},"url":"https:\/\/www.naturaliter.cz\/magazin\/autor\/kristyna\/"}]}},"_links":{"self":[{"href":"https:\/\/www.naturaliter.cz\/magazin\/wp-json\/wp\/v2\/posts\/115"}],"collection":[{"href":"https:\/\/www.naturaliter.cz\/magazin\/wp-json\/wp\/v2\/posts"}],"about":[{"href":"https:\/\/www.naturaliter.cz\/magazin\/wp-json\/wp\/v2\/types\/post"}],"author":[{"embeddable":true,"href":"https:\/\/www.naturaliter.cz\/magazin\/wp-json\/wp\/v2\/users\/2"}],"replies":[{"embeddable":true,"href":"https:\/\/www.naturaliter.cz\/magazin\/wp-json\/wp\/v2\/comments?post=115"}],"version-history":[{"count":9,"href":"https:\/\/www.naturaliter.cz\/magazin\/wp-json\/wp\/v2\/posts\/115\/revisions"}],"predecessor-version":[{"id":129,"href":"https:\/\/www.naturaliter.cz\/magazin\/wp-json\/wp\/v2\/posts\/115\/revisions\/129"}],"wp:featuredmedia":[{"embeddable":true,"href":"https:\/\/www.naturaliter.cz\/magazin\/wp-json\/wp\/v2\/media\/122"}],"wp:attachment":[{"href":"https:\/\/www.naturaliter.cz\/magazin\/wp-json\/wp\/v2\/media?parent=115"}],"wp:term":[{"taxonomy":"category","embeddable":true,"href":"https:\/\/www.naturaliter.cz\/magazin\/wp-json\/wp\/v2\/categories?post=115"},{"taxonomy":"post_tag","embeddable":true,"href":"https:\/\/www.naturaliter.cz\/magazin\/wp-json\/wp\/v2\/tags?post=115"}],"curies":[{"name":"wp","href":"https:\/\/api.w.org\/{rel}","templated":true}]}}